{"id":409,"date":"2024-01-06T18:02:10","date_gmt":"2024-01-06T16:02:10","guid":{"rendered":"https:\/\/www.daily-lama.com\/wellengang\/?p=409"},"modified":"2024-02-03T17:46:50","modified_gmt":"2024-02-03T15:46:50","slug":"achtsamkeit-intelligent-im-unternehmen-einfuehren","status":"publish","type":"post","link":"https:\/\/www.daily-lama.com\/wellengang\/achtsamkeit-intelligent-im-unternehmen-einfuehren\/","title":{"rendered":"Achtsamkeit intelligent im Unternehmen einf\u00fchren"},"content":{"rendered":"<p><img loading=\"lazy\" decoding=\"async\" class=\"aligncenter size-full wp-image-402\" src=\"https:\/\/www.daily-lama.com\/wellengang\/wp-content\/uploads\/sites\/2\/businessman-1492563_1920-e1511348895127.jpg\" alt=\"Trainings f\u00fcr Achtsamkeit in Unternehmen werden massenhaft gebucht!\" width=\"1100\" height=\"482\" srcset=\"https:\/\/www.daily-lama.com\/wellengang\/wp-content\/uploads\/sites\/2\/businessman-1492563_1920-e1511348895127.jpg 1100w, https:\/\/www.daily-lama.com\/wellengang\/wp-content\/uploads\/sites\/2\/businessman-1492563_1920-e1511348895127-300x131.jpg 300w, https:\/\/www.daily-lama.com\/wellengang\/wp-content\/uploads\/sites\/2\/businessman-1492563_1920-e1511348895127-1024x449.jpg 1024w, https:\/\/www.daily-lama.com\/wellengang\/wp-content\/uploads\/sites\/2\/businessman-1492563_1920-e1511348895127-768x337.jpg 768w\" sizes=\"auto, (max-width: 1100px) 100vw, 1100px\" \/><\/p>\r\n\r\n<h3 class=\"wp-block-heading\">Was bisher geschah:<\/h3>\r\n\r\n\r\n\r\n<p>Ein <a href=\"https:\/\/www.daily-lama.com\/wellengang\/trainings-fuer-achtsamkeit-in-unternehmen-werden-massenhaft-gebucht\/\" target=\"_blank\" rel=\"noreferrer noopener\" aria-label=\"Artikel \u00fcber Achtsamkeit in Unternehmen (\u00f6ffnet in neuem Tab)\">Artikel \u00fcber Achtsamkeit in Unternehmen<\/a> ist erschienen. Er behandelt die Frage, weshalb ein sehr wirksames Training gegen Stress verh\u00e4ltnism\u00e4\u00dfig wenig im Unternehmenskontext zum Zuge kommt.<\/p>\r\n\r\n\r\n\r\n<h3 class=\"wp-block-heading\">Was jetzt kommt:<\/h3>\r\n\r\n\r\n\r\n<p>Die <a href=\"https:\/\/www.daily-lama.com\/wellengang\/trainings-fuer-achtsamkeit-in-unternehmen-werden-massenhaft-gebucht\/\" target=\"_blank\" rel=\"noreferrer noopener\" aria-label=\"angek\u00fcndigte (\u00f6ffnet in neuem Tab)\">angek\u00fcndigte<\/a> Fortsetzung: <strong>Achtsamkeit intelligent im Unternehmen einf\u00fchren<\/strong>. Der Artikel handelt davon, wie Sie ein Achtsamkeitsprogramm erfolgreich in Ihrem speziellen Umfeld (Firma, Institution) implementieren k\u00f6nnen. Popul\u00e4re Hindernisse und Vorbehalte kommen zur Sprache.<\/p>\r\n\r\n\r\n\r\n<p>Wie beschrieben, besteht eine erkl\u00e4rungsbed\u00fcrftige Kluft. Einerseits ist die Effektivit\u00e4t von Achtsamkeitstrainings nachgewiesen, andererseits fragen Unternehmen diese Trainings nicht in dem Ma\u00dfe nach, wie man es erwarten w\u00fcrde. Dabei bestreiten die Personalverantwortlichen selten die Wirksamkeit eines solchen Programms. Diese ist gut belegt. Andere, durchaus nachvollziehbare Bedenken treten in den Vordergrund und wollen gew\u00fcrdigt werden. Das werden wir im Folgenden tun. Im Anschluss daran skizzieren wir die stufenweisen Einf\u00fchrung des Stresskompetenzprogramms mbsr im Unternehmen.<\/p>\r\n\r\n\r\n\r\n<h2 class=\"wp-block-heading\">Vorbehalt 1: &#8222;Achtsamkeit ist etwas f\u00fcr Esoteriker&#8220;<\/h2>\r\n\r\n\r\n\r\n<p>Mit diesem Missverst\u00e4ndnis haben wir uns bereits im Einf\u00fchrungsartikel auseinandergesetzt. Das Fazit war: Achtsamkeitsmethoden, wie zum Beispiel meditative \u00dcbungen, stehen und wirken ganz f\u00fcr sich selbst. Ihre Wirkung l\u00e4sst sich mit neuro-physiologischen und psychologischen Kategorien erkl\u00e4ren. Religi\u00f6ses und esoterisches Beiwerk ist dabei \u00fcberfl\u00fcssig und mitunter sogar hinderlich.<\/p>\r\n\r\n\r\n\r\n<h2 class=\"wp-block-heading\">Vorbehalt 2: &#8222;Achtsamkeitstrainings sind gef\u00e4hrlich &#8211; gerade weil sie wirksam sind&#8220;<\/h2>\r\n\r\n\r\n\r\n<p>Arbeitnehmervertreter \u00e4u\u00dfern manchmal die Bef\u00fcrchtung, dass sich hinter Achtsamkeitstrainings letztlich nur eine neue Art\u00a0 von Ausbeutung verbirgt. Gemeint ist: Statt Strukturen im Unternehmen zu hinterfragen (z. B. \u00dcberstundenvolumina), die t\u00e4glich Stress produzieren, versucht die Unternehmensleitung ihre Mitarbeiter durch Achtsamkeit zu noch belastbareren und flexibleren Arbeitssoldaten zu formen. Dass dieser Vorwand sogar von Psychologen in die Diskussion gebracht wird, zeigt, dass es hier schlicht an hilfreichen Informationen fehlt. Denn ein professionell angeleitetes Achtsamkeitstraining leitet die Teilnehmer (unter anderem) <em>immer<\/em> dazu an, ihre pers\u00f6nliche Belastungsgrenze deutlicher wahrnehmen. Gerade leistungsorientierte Mitarbeiter, die mitunter zu \u00fcberlastender Selbstausbeutung tendieren, lernen also, sich selbst zu sch\u00fctzen vor gesundheitlichen Sch\u00e4den, die durch Stress verursacht werden. Es gilt: Achtsamkeit lehrt und f\u00f6rdert eine individuelle Fertigkeit, auf die kein Unternehmen verzichten kann: aktive Selbstf\u00fcsorge.<\/p>\r\n\r\n\r\n\r\n<h2 class=\"wp-block-heading\">Vorbehalt 3: \u201eAchtsamkeit passt nicht zu unserer Branche\u201c<\/h2>\r\n\r\n\r\n\r\n<p>Hinter dieser Aussage steht meist die Bef\u00fcrchtung, dass Achtsamkeit eine irgendwie zu weiche und zu wenig dynamische Haltung der Mitarbeiter anregt, also nicht in die Kultur des Unternehmens oder der Branche passt. Anders formuliert: dass also die Teilnehmer am Training entweder zu einer Art Softie \u201emutieren\u201c oder eben, falls sie sich nicht darauf einlassen, ohne Gewinn ein solches Training durchlaufen. Nun ist es erwartbar, dass das Wort \u201eAchtsamkeit\u201c beim H\u00f6rer Assoziationen von Weichheit provoziert. Allerdings sind Achtsamkeitstrainings allenfalls daf\u00fcr bekannt, dass sie helfen, beim Teilnehmer solche rigiden Strukturen aufzuweichen, die sonst Stress produzieren. Umgekehrt zeigt die Erfahrung, dass Teilnehmer, die sich auf Achtsamkeit einlassen, in der Folge klarer und selbstbewusster eintreten f\u00fcr das, was sie als wichtig und richtig erkannt haben &#8211; diese Dinge also eher h\u00e4rter in der Sache vertreten.<\/p>\r\n<p><img loading=\"lazy\" decoding=\"async\" class=\"aligncenter size-medium wp-image-206\" src=\"https:\/\/www.daily-lama.com\/wellengang\/wp-content\/uploads\/sites\/2\/Logo-ora-gr-300x113.jpg\" alt=\"wellengang: Training, Coaching, B\u00fccher f\u00fcr Lebensqualit\u00e4t\" width=\"300\" height=\"113\" srcset=\"https:\/\/www.daily-lama.com\/wellengang\/wp-content\/uploads\/sites\/2\/Logo-ora-gr-300x113.jpg 300w, https:\/\/www.daily-lama.com\/wellengang\/wp-content\/uploads\/sites\/2\/Logo-ora-gr.jpg 365w\" sizes=\"auto, (max-width: 300px) 100vw, 300px\" \/><\/p>\r\n\r\n\r\n\r\n<h2 class=\"wp-block-heading\">EXEMPLARISCH: EINF\u00dcHRUNG EINES STRESSSKOMPETENZTRAININGS &#8222;mbsr&#8220;<\/h2>\r\n\r\n\r\n\r\n<h3 class=\"wp-block-heading\">1. Das Fundament legen<\/h3>\r\n\r\n\r\n\r\n<p>Hier findet eine erste Kontaktaufnahme und Abstimmung mit allen relevanten Repr\u00e4sentanten auf Seiten des Unternehmens statt (Unternehmensleitung, HR, Betriebsrat, ausgew\u00e4hlte Mitarbeiter \u2026). Neben den \u00fcblichen Formalit\u00e4ten wie pers\u00f6nlicher Passung, Trainingsformat und \u2013inhalt sowie Honorargestaltung, steht zun\u00e4chst die Frage nach dem tats\u00e4chlichen R\u00fcckhalt im Unternehmen im Mittelpunkt. Umso mehr Unterst\u00fctzer die geplante Ma\u00dfnahme f\u00f6rdern und wohlwollend begleiten, umso h\u00f6her wird die Akzeptanz im Unternehmen sein und umso wahrscheinlicher ist der Trainingserfolg.<\/p>\r\n\r\n\r\n\r\n<p>Wollen Sie das Training in einem internationalen Umfeld eingef\u00fchren, ist zudem darauf zu achten, dass der beauftragte Anbieter die Trainings auch in einer internationalen Sprache durchf\u00fchren kann (z. B. Englisch).<\/p>\r\n\r\n\r\n\r\n<h3 class=\"wp-block-heading\">2. Umfassend informieren (Schnupperveranstaltung)<\/h3>\r\n\r\n\r\n\r\n<p>Ist eine tragf\u00e4hige Einigung \u00fcber Inhalt und Rahmen der Ma\u00dfnahme erzielt, folgt eine Einladung an die Mitarbieter zur Teilnahme an einem einf\u00fchrenden Vortrag. Beispielsweise unter der \u00dcberschrift \u201eStress vermeiden durch Achtsamkeit &#8211; wie funktioniert das?\u201c. Die Adressaten der Weiterbildungsma\u00dfnahme bekommen in dieser maximal 90-min\u00fctigen Veranstaltung Gelegenheit, das Training in seinen Grundz\u00fcgen kennen zu lernen und ihre Fragen zu kl\u00e4ren.<\/p>\r\n\r\n\r\n\r\n<p>Der Referent sollte in seinem Vortrag die Vorteile des Trainings darstellen und ebenso auf klassische Einw\u00e4nde (s. oben) antworten. Dem Zuh\u00f6rer sollte deutlich werden, dass es sich um ein effektives und gut evaluiertes Training handelt. Erhellende Bez\u00fcge zur neueren Neuro- und Bewusstseinsforschung schaffen Vertrauen und begegnen m\u00f6glicherweise vorhandenen Vorbehalten mittels gesicherter Wissensbest\u00e4nde. Eine erg\u00e4nzende \u00dcbung aus dem Methodenkoffer des Stresskompetenztrainings kann zus\u00e4tzlich helfen, mit dem Thema \u201ewarm zu werden\u201c und Vorbehalte abzubauen.<\/p>\r\n\r\n\r\n\r\n<h3 class=\"wp-block-heading\">3. Pilotprojekt starten<\/h3>\r\n\r\n\r\n\r\n<p>In nicht zu gro\u00dfem zeitlichen Abstand zu diesem Vortrag startet das erste Training: ein Pilot. Die Teilnahme erfolgt freiwillig. Mehr noch als bei anderen Trainingsma\u00dfnahmen sind Abordnungen zum Training hier wenig hilfreich. In der Regel wird dem Pilotcharakter eher eine kleine Gruppe in offener Atmosph\u00e4re gerecht, als dies eine gro\u00dfe Gruppe k\u00f6nnte, deren Mitglieder in Teilen unfreiwillig teilnehmen und sich dem Thema mit massiven Vorbehalten n\u00e4hern. In der Praxis zeigt sich, dass ein erfolgreicher erster Durchlauf des Trainings unternehmensintern der beste Promoter f\u00fcr Achtsamkeit ist.<\/p>\r\n\r\n\r\n\r\n<h3 class=\"wp-block-heading\">4. Evaluieren und die richtigen Schl\u00fcsse ziehen<\/h3>\r\n\r\n\r\n\r\n<p>Die an den Pilot sich anschlie\u00dfende, sorgsame Evaluation des Trainings bef\u00e4higt den Trainierenden, die Veranstaltung noch besser an die Bed\u00fcrfnisse der Teilnehmer anzupassen. Das weitere Vorgehen bespricht er dann gemeinsam mit den Ansprechpartnern im Unternehmen.<\/p>\r\n\r\n\r\n<div class=\"woo-sc-divider\"><\/div>\n\r\n\r\n\r\n\r\n\r\n<p>Haben Sie Fragen und Anmerkungen zum Thema &#8222;Achtsamkeit f\u00fcr Unternehmen&#8220;? Kontaktieren Sie uns gerne!<\/p>\r\n<p><img loading=\"lazy\" decoding=\"async\" class=\"aligncenter size-full wp-image-330\" src=\"https:\/\/www.daily-lama.com\/wellengang\/wp-content\/uploads\/sites\/2\/Adress-Kuller-2.png\" alt=\"Adresse Achtsamkeitstraining\" width=\"209\" height=\"206\" srcset=\"https:\/\/www.daily-lama.com\/wellengang\/wp-content\/uploads\/sites\/2\/Adress-Kuller-2.png 209w, https:\/\/www.daily-lama.com\/wellengang\/wp-content\/uploads\/sites\/2\/Adress-Kuller-2-203x200.png 203w\" sizes=\"auto, (max-width: 209px) 100vw, 209px\" \/><\/p>\r\n","protected":false},"excerpt":{"rendered":"<p>Der Artikel handelt davon, wie Sie ein Achtsamkeitsprogramm erfolgreich in Ihrem speziellen Umfeld (Firma, Institution) implementieren k\u00f6nnen. Popul\u00e4re Hindernisse und Vorbehalte kommen zur Sprache.<\/p>\n","protected":false},"author":1,"featured_media":402,"comment_status":"open","ping_status":"open","sticky":false,"template":"","format":"standard","meta":{"footnotes":""},"categories":[1],"tags":[],"class_list":["post-409","post","type-post","status-publish","format-standard","has-post-thumbnail","hentry","category-allgemein"],"yoast_head":"<!-- This site is optimized with the Yoast SEO plugin v27.5 - https:\/\/yoast.com\/product\/yoast-seo-wordpress\/ -->\n<title>Achtsamkeit intelligent im Unternehmen einf\u00fchren - Wellengang<\/title>\n<meta name=\"description\" content=\"Der Artikel handelt davon, wie Sie ein Achtsamkeitsprogramm erfolgreich in Ihrem speziellen Umfeld (Firma, Institution) implementieren k\u00f6nnen.\" \/>\n<meta name=\"robots\" content=\"index, follow, max-snippet:-1, max-image-preview:large, max-video-preview:-1\" \/>\n<link rel=\"canonical\" href=\"https:\/\/www.daily-lama.com\/wellengang\/achtsamkeit-intelligent-im-unternehmen-einfuehren\/\" \/>\n<meta property=\"og:locale\" content=\"de_DE\" \/>\n<meta property=\"og:type\" content=\"article\" \/>\n<meta property=\"og:title\" content=\"Achtsamkeit intelligent im Unternehmen einf\u00fchren - Wellengang\" \/>\n<meta property=\"og:description\" content=\"Der Artikel handelt davon, wie Sie ein Achtsamkeitsprogramm erfolgreich in Ihrem speziellen Umfeld (Firma, Institution) implementieren k\u00f6nnen.\" \/>\n<meta property=\"og:url\" content=\"https:\/\/www.daily-lama.com\/wellengang\/achtsamkeit-intelligent-im-unternehmen-einfuehren\/\" \/>\n<meta property=\"og:site_name\" content=\"Wellengang\" \/>\n<meta property=\"article:published_time\" content=\"2024-01-06T16:02:10+00:00\" \/>\n<meta property=\"article:modified_time\" content=\"2024-02-03T15:46:50+00:00\" \/>\n<meta property=\"og:image\" content=\"https:\/\/www.daily-lama.com\/wellengang\/wp-content\/uploads\/sites\/2\/businessman-1492563_1920-e1511348895127.jpg\" \/>\n\t<meta property=\"og:image:width\" content=\"1100\" \/>\n\t<meta property=\"og:image:height\" content=\"482\" \/>\n\t<meta property=\"og:image:type\" content=\"image\/jpeg\" \/>\n<meta name=\"author\" content=\"Thomas H\u00fcbner\" \/>\n<meta name=\"twitter:card\" content=\"summary_large_image\" \/>\n<meta name=\"twitter:label1\" content=\"Verfasst von\" \/>\n\t<meta name=\"twitter:data1\" content=\"Thomas H\u00fcbner\" \/>\n\t<meta name=\"twitter:label2\" content=\"Gesch\u00e4tzte Lesezeit\" \/>\n\t<meta name=\"twitter:data2\" content=\"5\u00a0Minuten\" \/>\n<script type=\"application\/ld+json\" class=\"yoast-schema-graph\">{\"@context\":\"https:\\\/\\\/schema.org\",\"@graph\":[{\"@type\":\"Article\",\"@id\":\"https:\\\/\\\/www.daily-lama.com\\\/wellengang\\\/achtsamkeit-intelligent-im-unternehmen-einfuehren\\\/#article\",\"isPartOf\":{\"@id\":\"https:\\\/\\\/www.daily-lama.com\\\/wellengang\\\/achtsamkeit-intelligent-im-unternehmen-einfuehren\\\/\"},\"author\":{\"name\":\"Thomas H\u00fcbner\",\"@id\":\"https:\\\/\\\/www.daily-lama.com\\\/wellengang\\\/#\\\/schema\\\/person\\\/ff341fe45884f5bf6a4d767197c60896\"},\"headline\":\"Achtsamkeit intelligent im Unternehmen einf\u00fchren\",\"datePublished\":\"2024-01-06T16:02:10+00:00\",\"dateModified\":\"2024-02-03T15:46:50+00:00\",\"mainEntityOfPage\":{\"@id\":\"https:\\\/\\\/www.daily-lama.com\\\/wellengang\\\/achtsamkeit-intelligent-im-unternehmen-einfuehren\\\/\"},\"wordCount\":928,\"commentCount\":0,\"image\":{\"@id\":\"https:\\\/\\\/www.daily-lama.com\\\/wellengang\\\/achtsamkeit-intelligent-im-unternehmen-einfuehren\\\/#primaryimage\"},\"thumbnailUrl\":\"https:\\\/\\\/www.daily-lama.com\\\/wellengang\\\/wp-content\\\/uploads\\\/sites\\\/2\\\/businessman-1492563_1920-e1511348895127.jpg\",\"inLanguage\":\"de\",\"potentialAction\":[{\"@type\":\"CommentAction\",\"name\":\"Comment\",\"target\":[\"https:\\\/\\\/www.daily-lama.com\\\/wellengang\\\/achtsamkeit-intelligent-im-unternehmen-einfuehren\\\/#respond\"]}]},{\"@type\":\"WebPage\",\"@id\":\"https:\\\/\\\/www.daily-lama.com\\\/wellengang\\\/achtsamkeit-intelligent-im-unternehmen-einfuehren\\\/\",\"url\":\"https:\\\/\\\/www.daily-lama.com\\\/wellengang\\\/achtsamkeit-intelligent-im-unternehmen-einfuehren\\\/\",\"name\":\"Achtsamkeit intelligent im Unternehmen einf\u00fchren - Wellengang\",\"isPartOf\":{\"@id\":\"https:\\\/\\\/www.daily-lama.com\\\/wellengang\\\/#website\"},\"primaryImageOfPage\":{\"@id\":\"https:\\\/\\\/www.daily-lama.com\\\/wellengang\\\/achtsamkeit-intelligent-im-unternehmen-einfuehren\\\/#primaryimage\"},\"image\":{\"@id\":\"https:\\\/\\\/www.daily-lama.com\\\/wellengang\\\/achtsamkeit-intelligent-im-unternehmen-einfuehren\\\/#primaryimage\"},\"thumbnailUrl\":\"https:\\\/\\\/www.daily-lama.com\\\/wellengang\\\/wp-content\\\/uploads\\\/sites\\\/2\\\/businessman-1492563_1920-e1511348895127.jpg\",\"datePublished\":\"2024-01-06T16:02:10+00:00\",\"dateModified\":\"2024-02-03T15:46:50+00:00\",\"author\":{\"@id\":\"https:\\\/\\\/www.daily-lama.com\\\/wellengang\\\/#\\\/schema\\\/person\\\/ff341fe45884f5bf6a4d767197c60896\"},\"description\":\"Der Artikel handelt davon, wie Sie ein Achtsamkeitsprogramm erfolgreich in Ihrem speziellen Umfeld (Firma, Institution) implementieren k\u00f6nnen.\",\"breadcrumb\":{\"@id\":\"https:\\\/\\\/www.daily-lama.com\\\/wellengang\\\/achtsamkeit-intelligent-im-unternehmen-einfuehren\\\/#breadcrumb\"},\"inLanguage\":\"de\",\"potentialAction\":[{\"@type\":\"ReadAction\",\"target\":[\"https:\\\/\\\/www.daily-lama.com\\\/wellengang\\\/achtsamkeit-intelligent-im-unternehmen-einfuehren\\\/\"]}]},{\"@type\":\"ImageObject\",\"inLanguage\":\"de\",\"@id\":\"https:\\\/\\\/www.daily-lama.com\\\/wellengang\\\/achtsamkeit-intelligent-im-unternehmen-einfuehren\\\/#primaryimage\",\"url\":\"https:\\\/\\\/www.daily-lama.com\\\/wellengang\\\/wp-content\\\/uploads\\\/sites\\\/2\\\/businessman-1492563_1920-e1511348895127.jpg\",\"contentUrl\":\"https:\\\/\\\/www.daily-lama.com\\\/wellengang\\\/wp-content\\\/uploads\\\/sites\\\/2\\\/businessman-1492563_1920-e1511348895127.jpg\",\"width\":1100,\"height\":482,\"caption\":\"Trainings f\u00fcr Achtsamkeit in Unternehmen werden massenhaft gebucht!\"},{\"@type\":\"BreadcrumbList\",\"@id\":\"https:\\\/\\\/www.daily-lama.com\\\/wellengang\\\/achtsamkeit-intelligent-im-unternehmen-einfuehren\\\/#breadcrumb\",\"itemListElement\":[{\"@type\":\"ListItem\",\"position\":1,\"name\":\"Startseite\",\"item\":\"https:\\\/\\\/www.daily-lama.com\\\/wellengang\\\/\"},{\"@type\":\"ListItem\",\"position\":2,\"name\":\"Achtsamkeit intelligent im Unternehmen einf\u00fchren\"}]},{\"@type\":\"WebSite\",\"@id\":\"https:\\\/\\\/www.daily-lama.com\\\/wellengang\\\/#website\",\"url\":\"https:\\\/\\\/www.daily-lama.com\\\/wellengang\\\/\",\"name\":\"Wellengang\",\"description\":\"Stark im Sturm | Gelassen im Alltag\",\"potentialAction\":[{\"@type\":\"SearchAction\",\"target\":{\"@type\":\"EntryPoint\",\"urlTemplate\":\"https:\\\/\\\/www.daily-lama.com\\\/wellengang\\\/?s={search_term_string}\"},\"query-input\":{\"@type\":\"PropertyValueSpecification\",\"valueRequired\":true,\"valueName\":\"search_term_string\"}}],\"inLanguage\":\"de\"},{\"@type\":\"Person\",\"@id\":\"https:\\\/\\\/www.daily-lama.com\\\/wellengang\\\/#\\\/schema\\\/person\\\/ff341fe45884f5bf6a4d767197c60896\",\"name\":\"Thomas H\u00fcbner\",\"image\":{\"@type\":\"ImageObject\",\"inLanguage\":\"de\",\"@id\":\"https:\\\/\\\/secure.gravatar.com\\\/avatar\\\/dcf7301978968bfbd1582e803ca702ebad3482e1d2a9cbb0a5315dc672f50d09?s=96&d=mm&r=g\",\"url\":\"https:\\\/\\\/secure.gravatar.com\\\/avatar\\\/dcf7301978968bfbd1582e803ca702ebad3482e1d2a9cbb0a5315dc672f50d09?s=96&d=mm&r=g\",\"contentUrl\":\"https:\\\/\\\/secure.gravatar.com\\\/avatar\\\/dcf7301978968bfbd1582e803ca702ebad3482e1d2a9cbb0a5315dc672f50d09?s=96&d=mm&r=g\",\"caption\":\"Thomas H\u00fcbner\"},\"url\":\"https:\\\/\\\/www.daily-lama.com\\\/wellengang\\\/author\\\/admin444\\\/\"}]}<\/script>\n<!-- \/ Yoast SEO plugin. -->","yoast_head_json":{"title":"Achtsamkeit intelligent im Unternehmen einf\u00fchren - Wellengang","description":"Der Artikel handelt davon, wie Sie ein Achtsamkeitsprogramm erfolgreich in Ihrem speziellen Umfeld (Firma, Institution) implementieren k\u00f6nnen.","robots":{"index":"index","follow":"follow","max-snippet":"max-snippet:-1","max-image-preview":"max-image-preview:large","max-video-preview":"max-video-preview:-1"},"canonical":"https:\/\/www.daily-lama.com\/wellengang\/achtsamkeit-intelligent-im-unternehmen-einfuehren\/","og_locale":"de_DE","og_type":"article","og_title":"Achtsamkeit intelligent im Unternehmen einf\u00fchren - Wellengang","og_description":"Der Artikel handelt davon, wie Sie ein Achtsamkeitsprogramm erfolgreich in Ihrem speziellen Umfeld (Firma, Institution) implementieren k\u00f6nnen.","og_url":"https:\/\/www.daily-lama.com\/wellengang\/achtsamkeit-intelligent-im-unternehmen-einfuehren\/","og_site_name":"Wellengang","article_published_time":"2024-01-06T16:02:10+00:00","article_modified_time":"2024-02-03T15:46:50+00:00","og_image":[{"width":1100,"height":482,"url":"https:\/\/www.daily-lama.com\/wellengang\/wp-content\/uploads\/sites\/2\/businessman-1492563_1920-e1511348895127.jpg","type":"image\/jpeg"}],"author":"Thomas H\u00fcbner","twitter_card":"summary_large_image","twitter_misc":{"Verfasst von":"Thomas H\u00fcbner","Gesch\u00e4tzte Lesezeit":"5\u00a0Minuten"},"schema":{"@context":"https:\/\/schema.org","@graph":[{"@type":"Article","@id":"https:\/\/www.daily-lama.com\/wellengang\/achtsamkeit-intelligent-im-unternehmen-einfuehren\/#article","isPartOf":{"@id":"https:\/\/www.daily-lama.com\/wellengang\/achtsamkeit-intelligent-im-unternehmen-einfuehren\/"},"author":{"name":"Thomas H\u00fcbner","@id":"https:\/\/www.daily-lama.com\/wellengang\/#\/schema\/person\/ff341fe45884f5bf6a4d767197c60896"},"headline":"Achtsamkeit intelligent im Unternehmen einf\u00fchren","datePublished":"2024-01-06T16:02:10+00:00","dateModified":"2024-02-03T15:46:50+00:00","mainEntityOfPage":{"@id":"https:\/\/www.daily-lama.com\/wellengang\/achtsamkeit-intelligent-im-unternehmen-einfuehren\/"},"wordCount":928,"commentCount":0,"image":{"@id":"https:\/\/www.daily-lama.com\/wellengang\/achtsamkeit-intelligent-im-unternehmen-einfuehren\/#primaryimage"},"thumbnailUrl":"https:\/\/www.daily-lama.com\/wellengang\/wp-content\/uploads\/sites\/2\/businessman-1492563_1920-e1511348895127.jpg","inLanguage":"de","potentialAction":[{"@type":"CommentAction","name":"Comment","target":["https:\/\/www.daily-lama.com\/wellengang\/achtsamkeit-intelligent-im-unternehmen-einfuehren\/#respond"]}]},{"@type":"WebPage","@id":"https:\/\/www.daily-lama.com\/wellengang\/achtsamkeit-intelligent-im-unternehmen-einfuehren\/","url":"https:\/\/www.daily-lama.com\/wellengang\/achtsamkeit-intelligent-im-unternehmen-einfuehren\/","name":"Achtsamkeit intelligent im Unternehmen einf\u00fchren - Wellengang","isPartOf":{"@id":"https:\/\/www.daily-lama.com\/wellengang\/#website"},"primaryImageOfPage":{"@id":"https:\/\/www.daily-lama.com\/wellengang\/achtsamkeit-intelligent-im-unternehmen-einfuehren\/#primaryimage"},"image":{"@id":"https:\/\/www.daily-lama.com\/wellengang\/achtsamkeit-intelligent-im-unternehmen-einfuehren\/#primaryimage"},"thumbnailUrl":"https:\/\/www.daily-lama.com\/wellengang\/wp-content\/uploads\/sites\/2\/businessman-1492563_1920-e1511348895127.jpg","datePublished":"2024-01-06T16:02:10+00:00","dateModified":"2024-02-03T15:46:50+00:00","author":{"@id":"https:\/\/www.daily-lama.com\/wellengang\/#\/schema\/person\/ff341fe45884f5bf6a4d767197c60896"},"description":"Der Artikel handelt davon, wie Sie ein Achtsamkeitsprogramm erfolgreich in Ihrem speziellen Umfeld (Firma, Institution) implementieren k\u00f6nnen.","breadcrumb":{"@id":"https:\/\/www.daily-lama.com\/wellengang\/achtsamkeit-intelligent-im-unternehmen-einfuehren\/#breadcrumb"},"inLanguage":"de","potentialAction":[{"@type":"ReadAction","target":["https:\/\/www.daily-lama.com\/wellengang\/achtsamkeit-intelligent-im-unternehmen-einfuehren\/"]}]},{"@type":"ImageObject","inLanguage":"de","@id":"https:\/\/www.daily-lama.com\/wellengang\/achtsamkeit-intelligent-im-unternehmen-einfuehren\/#primaryimage","url":"https:\/\/www.daily-lama.com\/wellengang\/wp-content\/uploads\/sites\/2\/businessman-1492563_1920-e1511348895127.jpg","contentUrl":"https:\/\/www.daily-lama.com\/wellengang\/wp-content\/uploads\/sites\/2\/businessman-1492563_1920-e1511348895127.jpg","width":1100,"height":482,"caption":"Trainings f\u00fcr Achtsamkeit in Unternehmen werden massenhaft gebucht!"},{"@type":"BreadcrumbList","@id":"https:\/\/www.daily-lama.com\/wellengang\/achtsamkeit-intelligent-im-unternehmen-einfuehren\/#breadcrumb","itemListElement":[{"@type":"ListItem","position":1,"name":"Startseite","item":"https:\/\/www.daily-lama.com\/wellengang\/"},{"@type":"ListItem","position":2,"name":"Achtsamkeit intelligent im Unternehmen einf\u00fchren"}]},{"@type":"WebSite","@id":"https:\/\/www.daily-lama.com\/wellengang\/#website","url":"https:\/\/www.daily-lama.com\/wellengang\/","name":"Wellengang","description":"Stark im Sturm | Gelassen im Alltag","potentialAction":[{"@type":"SearchAction","target":{"@type":"EntryPoint","urlTemplate":"https:\/\/www.daily-lama.com\/wellengang\/?s={search_term_string}"},"query-input":{"@type":"PropertyValueSpecification","valueRequired":true,"valueName":"search_term_string"}}],"inLanguage":"de"},{"@type":"Person","@id":"https:\/\/www.daily-lama.com\/wellengang\/#\/schema\/person\/ff341fe45884f5bf6a4d767197c60896","name":"Thomas H\u00fcbner","image":{"@type":"ImageObject","inLanguage":"de","@id":"https:\/\/secure.gravatar.com\/avatar\/dcf7301978968bfbd1582e803ca702ebad3482e1d2a9cbb0a5315dc672f50d09?s=96&d=mm&r=g","url":"https:\/\/secure.gravatar.com\/avatar\/dcf7301978968bfbd1582e803ca702ebad3482e1d2a9cbb0a5315dc672f50d09?s=96&d=mm&r=g","contentUrl":"https:\/\/secure.gravatar.com\/avatar\/dcf7301978968bfbd1582e803ca702ebad3482e1d2a9cbb0a5315dc672f50d09?s=96&d=mm&r=g","caption":"Thomas H\u00fcbner"},"url":"https:\/\/www.daily-lama.com\/wellengang\/author\/admin444\/"}]}},"_links":{"self":[{"href":"https:\/\/www.daily-lama.com\/wellengang\/wp-json\/wp\/v2\/posts\/409","targetHints":{"allow":["GET"]}}],"collection":[{"href":"https:\/\/www.daily-lama.com\/wellengang\/wp-json\/wp\/v2\/posts"}],"about":[{"href":"https:\/\/www.daily-lama.com\/wellengang\/wp-json\/wp\/v2\/types\/post"}],"author":[{"embeddable":true,"href":"https:\/\/www.daily-lama.com\/wellengang\/wp-json\/wp\/v2\/users\/1"}],"replies":[{"embeddable":true,"href":"https:\/\/www.daily-lama.com\/wellengang\/wp-json\/wp\/v2\/comments?post=409"}],"version-history":[{"count":6,"href":"https:\/\/www.daily-lama.com\/wellengang\/wp-json\/wp\/v2\/posts\/409\/revisions"}],"predecessor-version":[{"id":532,"href":"https:\/\/www.daily-lama.com\/wellengang\/wp-json\/wp\/v2\/posts\/409\/revisions\/532"}],"wp:featuredmedia":[{"embeddable":true,"href":"https:\/\/www.daily-lama.com\/wellengang\/wp-json\/wp\/v2\/media\/402"}],"wp:attachment":[{"href":"https:\/\/www.daily-lama.com\/wellengang\/wp-json\/wp\/v2\/media?parent=409"}],"wp:term":[{"taxonomy":"category","embeddable":true,"href":"https:\/\/www.daily-lama.com\/wellengang\/wp-json\/wp\/v2\/categories?post=409"},{"taxonomy":"post_tag","embeddable":true,"href":"https:\/\/www.daily-lama.com\/wellengang\/wp-json\/wp\/v2\/tags?post=409"}],"curies":[{"name":"wp","href":"https:\/\/api.w.org\/{rel}","templated":true}]}}